{"id":203,"date":"2020-11-11T17:39:00","date_gmt":"2020-11-11T17:39:00","guid":{"rendered":"https:\/\/filmmusiktage-info.de\/?p=203"},"modified":"2020-11-16T17:44:59","modified_gmt":"2020-11-16T17:44:59","slug":"maren-kiessling","status":"publish","type":"post","link":"https:\/\/filmmusiktage-info.de\/?p=203","title":{"rendered":"Maren Kie\u00dfling &#8211; Vortrag"},"content":{"rendered":"<h3>Der klingende Blick in die Sterne \u2013 360\u00b0 Sound im Planetarium<\/h3>\n<p>\u00a0<\/p>\n<p>In ihrem Vortrag\u00a0 beleuchtet Maren Kie\u00dfling die Facetten der historischen Entwicklung und die unterschiedliche Darstellung in der Verkn\u00fcpfung von Ton und Bild in der hemisph\u00e4rischen Bewegtbildprojektion. Von Wissenschaftskommunikation \u00fcber k\u00fcnstlerische Projektionen bis hin zum Storytelling fanden und finden verschiedene Inhalte ihren Weg in die Kuppel. Wenn Bild und Sound sich zu einem Ganzen verbinden, erbl\u00fcht das Mediendispositiv Kuppel zu einem hochimmersiven Medium.<\/p>\n<h4>Lust auf mehr? Am 20.11.2020 um 12:00 Uhr k\u00f6nnen Sie den Vortrag im Livestream verfolgen!<\/h4>\n\n\n<p><\/p>\n\n\n\n<p><\/p>\n","protected":false},"excerpt":{"rendered":"<p>Der klingende Blick in die Sterne \u2013 360\u00b0 Sound im Planetarium \u00a0 In ihrem Vortrag\u00a0 beleuchtet Maren Kie\u00dfling die Facetten der historischen Entwicklung und die unterschiedliche Darstellung in der Verkn\u00fcpfung [&hellip;]<\/p>\n","protected":false},"author":1,"featured_media":0,"comment_status":"open","ping_status":"open","sticky":false,"template":"","format":"standard","meta":[],"categories":[11],"tags":[20,24,21],"_links":{"self":[{"href":"https:\/\/filmmusiktage-info.de\/index.php?rest_route=\/wp\/v2\/posts\/203"}],"collection":[{"href":"https:\/\/filmmusiktage-info.de\/index.php?rest_route=\/wp\/v2\/posts"}],"about":[{"href":"https:\/\/filmmusiktage-info.de\/index.php?rest_route=\/wp\/v2\/types\/post"}],"author":[{"embeddable":true,"href":"https:\/\/filmmusiktage-info.de\/index.php?rest_route=\/wp\/v2\/users\/1"}],"replies":[{"embeddable":true,"href":"https:\/\/filmmusiktage-info.de\/index.php?rest_route=%2Fwp%2Fv2%2Fcomments&post=203"}],"version-history":[{"count":9,"href":"https:\/\/filmmusiktage-info.de\/index.php?rest_route=\/wp\/v2\/posts\/203\/revisions"}],"predecessor-version":[{"id":243,"href":"https:\/\/filmmusiktage-info.de\/index.php?rest_route=\/wp\/v2\/posts\/203\/revisions\/243"}],"wp:attachment":[{"href":"https:\/\/filmmusiktage-info.de\/index.php?rest_route=%2Fwp%2Fv2%2Fmedia&parent=203"}],"wp:term":[{"taxonomy":"category","embeddable":true,"href":"https:\/\/filmmusiktage-info.de\/index.php?rest_route=%2Fwp%2Fv2%2Fcategories&post=203"},{"taxonomy":"post_tag","embeddable":true,"href":"https:\/\/filmmusiktage-info.de\/index.php?rest_route=%2Fwp%2Fv2%2Ftags&post=203"}],"curies":[{"name":"wp","href":"https:\/\/api.w.org\/{rel}","templated":true}]}}